{"id":3645,"date":"2017-07-14T01:30:31","date_gmt":"2017-07-13T23:30:31","guid":{"rendered":"http:\/\/www.pureti.es\/?p=3645"},"modified":"2024-02-16T02:04:13","modified_gmt":"2024-02-16T01:04:13","slug":"pureti-presenta-los-nuevos-asfaltos-descontaminante-de-eiffage","status":"publish","type":"post","link":"https:\/\/pureti.es\/en\/pureti-presenta-los-nuevos-asfaltos-descontaminante-de-eiffage\/","title":{"rendered":"PURETi presenta los nuevos asfaltos descontaminante de EIFFAGE"},"content":{"rendered":"<p><span style=\"font-weight: 400;\"><a href=\"http:\/\/www.pureti.es\/wp-content\/uploads\/2017\/07\/PURETi-presenta-los-nuevos-asfaltos-descontaminante-de-EIFFAGE.png\"><img fetchpriority=\"high\" decoding=\"async\" class=\"wp-image-3646 alignleft\" src=\"http:\/\/www.pureti.es\/wp-content\/uploads\/2017\/07\/PURETi-presenta-los-nuevos-asfaltos-descontaminante-de-EIFFAGE.png\" alt=\"PURETi presenta los nuevos asfaltos descontaminante de EIFFAGE\" width=\"507\" height=\"328\" srcset=\"https:\/\/pureti.es\/wp-content\/uploads\/2017\/07\/PURETi-presenta-los-nuevos-asfaltos-descontaminante-de-EIFFAGE.png 1068w, https:\/\/pureti.es\/wp-content\/uploads\/2017\/07\/PURETi-presenta-los-nuevos-asfaltos-descontaminante-de-EIFFAGE-150x97.png 150w, https:\/\/pureti.es\/wp-content\/uploads\/2017\/07\/PURETi-presenta-los-nuevos-asfaltos-descontaminante-de-EIFFAGE-768x497.png 768w\" sizes=\"(max-width: 507px) 100vw, 507px\" \/><\/a><\/span><\/p>\n<p>&nbsp;<\/p>\n<p><span style=\"font-weight: 400;\">Joaqu\u00edn Piserra, CEO de <\/span><b>PURETi <\/b><span style=\"font-weight: 400;\">ha presentado los nuevos asfaltos descontaminantes de <\/span><b>EIFFAGE <\/b><span style=\"font-weight: 400;\">en las <\/span><b>Jornadas de Innovaci\u00f3n en Conservaci\u00f3n de Pavimentos <\/b><span style=\"font-weight: 400;\">organizada por <\/span><b><a href=\"http:\/\/www.eptisa.com\/es\/\" rel=\"nofollow noopener\" target=\"_blank\">EPTISA<\/a>.<\/b><\/p>\n<p><span style=\"font-weight: 400;\">Donde asistieron alcaldes, t\u00e9cnicos de urbanismo, obras p\u00fablicas y ponentes de EIFFAGE, Ministerio de Obras p\u00fablicas y Ayuntamiento de Madrid.<\/span><\/p>\n<p>En la foto de derecha a izquierda David Almazan, Presidente de la Asociaci\u00f3n Ib\u00e9rica de fotocat\u00e1lisis, Dr. Joaqu\u00edn Piserra, Ceo de PURETi y Dra. Mar\u00eda Elena Hidalgo, Directora t\u00e9cnica de calidad y medio ambiente de EIFFAGE.<!--more--><\/p>\n<p>&nbsp;<\/p>\n<p>&nbsp;<\/p>\n<p>&nbsp;<\/p>\n<p>&nbsp;<\/p>\n<p>&nbsp;<\/p>\n<p>&nbsp;<\/p>\n<p>&nbsp;<\/p>\n<p><a href=\"http:\/\/www.pureti.es\/wp-content\/uploads\/2017\/07\/EPTISA-Pavimentos-carreteras.jpg\"><img decoding=\"async\" class=\"wp-image-3658 aligncenter lazyload\" data-src=\"http:\/\/www.pureti.es\/wp-content\/uploads\/2017\/07\/EPTISA-Pavimentos-carreteras.jpg\" alt=\"Eptisa-carreteras-pavimentos\" width=\"467\" height=\"208\" data-srcset=\"https:\/\/pureti.es\/wp-content\/uploads\/2017\/07\/EPTISA-Pavimentos-carreteras.jpg 800w, https:\/\/pureti.es\/wp-content\/uploads\/2017\/07\/EPTISA-Pavimentos-carreteras-150x67.jpg 150w, https:\/\/pureti.es\/wp-content\/uploads\/2017\/07\/EPTISA-Pavimentos-carreteras-768x342.jpg 768w\" data-sizes=\"(max-width: 467px) 100vw, 467px\" src=\"data:image\/svg+xml;base64,PHN2ZyB3aWR0aD0iMSIgaGVpZ2h0PSIxIiB4bWxucz0iaHR0cDovL3d3dy53My5vcmcvMjAwMC9zdmciPjwvc3ZnPg==\" style=\"--smush-placeholder-width: 467px; --smush-placeholder-aspect-ratio: 467\/208;\" \/><\/a><\/p>\n<p>&nbsp;<\/p>\n<p>https:\/\/www.youtube.com\/watch?v=h7044LLluqA<\/p>\n<p>&nbsp;<\/p>\n<p>&nbsp;<\/p>\n<h1 style=\"text-align: center;\"><b>Para m\u00e1s informaci\u00f3n sobre c\u00f3mo puede a\u00f1adir valor a sus productos<\/b><\/h1>\n<p>&nbsp;<\/p>\n<p style=\"text-align: center;\">[maxbutton id=\u00bb2&#8243; url=\u00bbhttp:\/\/www.pureti.es\/contacto\/\u00bb ]<\/p>\n<p>&nbsp;<\/p>\n<p>&nbsp;<\/p>\n<p>&nbsp;<\/p>\n<p>&nbsp;<\/p>\n<p><img decoding=\"async\" class=\"wp-image-3316 aligncenter lazyload\" data-src=\"http:\/\/www.pureti.es\/wp-content\/uploads\/2016\/12\/Logo-iSCAPE-PURETi.jpg\" alt=\"Ganadores-iSCAPE-para-reducir-la-contaminacion-en-la-union-europea\" width=\"591\" height=\"351\" data-srcset=\"https:\/\/pureti.es\/wp-content\/uploads\/2016\/12\/Logo-iSCAPE-PURETi.jpg 1123w, https:\/\/pureti.es\/wp-content\/uploads\/2016\/12\/Logo-iSCAPE-PURETi-150x89.jpg 150w, https:\/\/pureti.es\/wp-content\/uploads\/2016\/12\/Logo-iSCAPE-PURETi-768x456.jpg 768w\" data-sizes=\"(max-width: 591px) 100vw, 591px\" src=\"data:image\/svg+xml;base64,PHN2ZyB3aWR0aD0iMSIgaGVpZ2h0PSIxIiB4bWxucz0iaHR0cDovL3d3dy53My5vcmcvMjAwMC9zdmciPjwvc3ZnPg==\" style=\"--smush-placeholder-width: 591px; --smush-placeholder-aspect-ratio: 591\/351;\" \/><\/p>\n<p><a href=\"http:\/\/www.pureti.es\/wp-content\/uploads\/2016\/12\/Logo-iSCAPE-PURETi.jpg\"><br \/>\n<\/a>Ganadores del iSCAPE de la Uni\u00f3n Europea<\/p>\n<p>&nbsp;<\/p>\n","protected":false},"excerpt":{"rendered":"<p>&nbsp; Joaqu\u00edn Piserra, CEO de PURETi ha presentado los nuevos asfaltos descontaminantes de EIFFAGE en las Jornadas de Innovaci\u00f3n en Conservaci\u00f3n de Pavimentos organizada por EPTISA. Donde asistieron alcaldes, t\u00e9cnicos de urbanismo, obras p\u00fablicas y ponentes de EIFFAGE, Ministerio de Obras p\u00fablicas y Ayuntamiento de Madrid. En la foto de derecha a izquierda David Almazan, [&hellip;]<\/p>\n","protected":false},"author":3,"featured_media":3646,"comment_status":"closed","ping_status":"open","sticky":false,"template":"","format":"standard","meta":{"ocean_post_layout":"","ocean_both_sidebars_style":"","ocean_both_sidebars_content_width":0,"ocean_both_sidebars_sidebars_width":0,"ocean_sidebar":"","ocean_second_sidebar":"","ocean_disable_margins":"enable","ocean_add_body_class":"","ocean_shortcode_before_top_bar":"","ocean_shortcode_after_top_bar":"","ocean_shortcode_before_header":"","ocean_shortcode_after_header":"","ocean_has_shortcode":"","ocean_shortcode_after_title":"","ocean_shortcode_before_footer_widgets":"","ocean_shortcode_after_footer_widgets":"","ocean_shortcode_before_footer_bottom":"","ocean_shortcode_after_footer_bottom":"","ocean_display_top_bar":"default","ocean_display_header":"default","ocean_header_style":"","ocean_center_header_left_menu":"","ocean_custom_header_template":"","ocean_custom_logo":0,"ocean_custom_retina_logo":0,"ocean_custom_logo_max_width":0,"ocean_custom_logo_tablet_max_width":0,"ocean_custom_logo_mobile_max_width":0,"ocean_custom_logo_max_height":0,"ocean_custom_logo_tablet_max_height":0,"ocean_custom_logo_mobile_max_height":0,"ocean_header_custom_menu":"","ocean_menu_typo_font_family":"","ocean_menu_typo_font_subset":"","ocean_menu_typo_font_size":0,"ocean_menu_typo_font_size_tablet":0,"ocean_menu_typo_font_size_mobile":0,"ocean_menu_typo_font_size_unit":"px","ocean_menu_typo_font_weight":"","ocean_menu_typo_font_weight_tablet":"","ocean_menu_typo_font_weight_mobile":"","ocean_menu_typo_transform":"","ocean_menu_typo_transform_tablet":"","ocean_menu_typo_transform_mobile":"","ocean_menu_typo_line_height":0,"ocean_menu_typo_line_height_tablet":0,"ocean_menu_typo_line_height_mobile":0,"ocean_menu_typo_line_height_unit":"","ocean_menu_typo_spacing":0,"ocean_menu_typo_spacing_tablet":0,"ocean_menu_typo_spacing_mobile":0,"ocean_menu_typo_spacing_unit":"","ocean_menu_link_color":"","ocean_menu_link_color_hover":"","ocean_menu_link_color_active":"","ocean_menu_link_background":"","ocean_menu_link_hover_background":"","ocean_menu_link_active_background":"","ocean_menu_social_links_bg":"","ocean_menu_social_hover_links_bg":"","ocean_menu_social_links_color":"","ocean_menu_social_hover_links_color":"","ocean_disable_title":"default","ocean_disable_heading":"default","ocean_post_title":"","ocean_post_subheading":"","ocean_post_title_style":"","ocean_post_title_background_color":"","ocean_post_title_background":0,"ocean_post_title_bg_image_position":"","ocean_post_title_bg_image_attachment":"","ocean_post_title_bg_image_repeat":"","ocean_post_title_bg_image_size":"","ocean_post_title_height":0,"ocean_post_title_bg_overlay":0.5,"ocean_post_title_bg_overlay_color":"","ocean_disable_breadcrumbs":"default","ocean_breadcrumbs_color":"","ocean_breadcrumbs_separator_color":"","ocean_breadcrumbs_links_color":"","ocean_breadcrumbs_links_hover_color":"","ocean_display_footer_widgets":"default","ocean_display_footer_bottom":"default","ocean_custom_footer_template":"","ocean_post_oembed":"","ocean_post_self_hosted_media":"","ocean_post_video_embed":"","ocean_link_format":"","ocean_link_format_target":"self","ocean_quote_format":"","ocean_quote_format_link":"post","ocean_gallery_link_images":"on","ocean_gallery_id":[],"footnotes":""},"categories":[44],"tags":[24,25,27,47,28,61,20],"class_list":["post-3645","post","type-post","status-publish","format-standard","has-post-thumbnail","hentry","category-blog","tag-neutraliza-olores","tag-optimizacion-del-mantenimiento","tag-produccion-aire-puro","tag-proyecto-iscape","tag-purificacion-del-medio-ambiente","tag-smartcities","tag-solucion-sostenible","entry","has-media"],"_links":{"self":[{"href":"https:\/\/pureti.es\/en\/wp-json\/wp\/v2\/posts\/3645","targetHints":{"allow":["GET"]}}],"collection":[{"href":"https:\/\/pureti.es\/en\/wp-json\/wp\/v2\/posts"}],"about":[{"href":"https:\/\/pureti.es\/en\/wp-json\/wp\/v2\/types\/post"}],"author":[{"embeddable":true,"href":"https:\/\/pureti.es\/en\/wp-json\/wp\/v2\/users\/3"}],"replies":[{"embeddable":true,"href":"https:\/\/pureti.es\/en\/wp-json\/wp\/v2\/comments?post=3645"}],"version-history":[{"count":15,"href":"https:\/\/pureti.es\/en\/wp-json\/wp\/v2\/posts\/3645\/revisions"}],"predecessor-version":[{"id":4647,"href":"https:\/\/pureti.es\/en\/wp-json\/wp\/v2\/posts\/3645\/revisions\/4647"}],"wp:featuredmedia":[{"embeddable":true,"href":"https:\/\/pureti.es\/en\/wp-json\/wp\/v2\/media\/3646"}],"wp:attachment":[{"href":"https:\/\/pureti.es\/en\/wp-json\/wp\/v2\/media?parent=3645"}],"wp:term":[{"taxonomy":"category","embeddable":true,"href":"https:\/\/pureti.es\/en\/wp-json\/wp\/v2\/categories?post=3645"},{"taxonomy":"post_tag","embeddable":true,"href":"https:\/\/pureti.es\/en\/wp-json\/wp\/v2\/tags?post=3645"}],"curies":[{"name":"wp","href":"https:\/\/api.w.org\/{rel}","templated":true}]}}