{"id":3238,"date":"2017-02-16T16:15:00","date_gmt":"2017-02-16T14:15:00","guid":{"rendered":"http:\/\/www.pureti.es\/?p=3238"},"modified":"2024-02-16T02:04:22","modified_gmt":"2024-02-16T01:04:22","slug":"pureti-reduce-los-contaminantes-de-ambientes-exteriores-e-interiores","status":"publish","type":"post","link":"https:\/\/pureti.es\/en\/pureti-reduce-los-contaminantes-de-ambientes-exteriores-e-interiores\/","title":{"rendered":"PURETi reduce los contaminantes de ambientes exteriores e interiores"},"content":{"rendered":"<figure id=\"attachment_2943\" aria-describedby=\"caption-attachment-2943\" style=\"width: 454px\" class=\"wp-caption alignleft\"><a href=\"http:\/\/www.pureti.es\/wp-content\/uploads\/2017\/01\/Contaminaci\u00f3n-salud.png\"><img fetchpriority=\"high\" decoding=\"async\" class=\"wp-image-2943\" src=\"http:\/\/www.pureti.es\/wp-content\/uploads\/2017\/01\/Contaminaci\u00f3n-salud.png\" alt=\"\" width=\"454\" height=\"454\" srcset=\"https:\/\/pureti.es\/wp-content\/uploads\/2017\/01\/Contaminaci\u00f3n-salud.png 800w, https:\/\/pureti.es\/wp-content\/uploads\/2017\/01\/Contaminaci\u00f3n-salud-150x150.png 150w, https:\/\/pureti.es\/wp-content\/uploads\/2017\/01\/Contaminaci\u00f3n-salud-768x768.png 768w\" sizes=\"(max-width: 454px) 100vw, 454px\" \/><\/a><figcaption id=\"caption-attachment-2943\" class=\"wp-caption-text\">Enfermedades asociadas a la contaminaci\u00f3n atmosf\u00e9rica<\/figcaption><\/figure>\n<p>&nbsp;<\/p>\n<p>La mala calidad del aire interior y exterior nos est\u00e1 enfermando.<\/p>\n<p>As\u00ed lo demuestran una serie de\u00a0<strong>estudios que vinculan<\/strong> un gran n\u00famero de <strong>enfermedades con contaminaci\u00f3n del aire, interior y exterior<\/strong>, que aunque no la veas, est\u00e1 da\u00f1ando tu salud.<\/p>\n<p><strong>PURETi<\/strong> <strong>sin qu\u00edmicos, sin gasto de energ\u00eda<\/strong>, a bajo coste y de f\u00e1cil aplicaci\u00f3n basado en <strong>photocatalytic technology<\/strong> <strong>disminuye los riesgos para la salud<\/strong> de las personas y los animales, mejorando considerablemente la calidad de vida.<\/p>\n<p>Una vez aplicado PURETi en presencia de luz r\u00e1pidamente comienza a eliminar los contaminantes.<\/p>\n<p>Os dejamos a continuaci\u00f3n un v\u00eddeo de Jordi Sunyer de <strong><a href=\"http:\/\/www.isglobal.org\/\" rel=\"nofollow noopener\" target=\"_blank\">iSGlobal\u00a0<\/a><\/strong>y una lista de 10 de estudios que demuestran los <strong>riesgos que \u00e9sta corriendo tu salud<\/strong>.<!--more--><\/p>\n<p>&nbsp;<\/p>\n<p>&nbsp;<\/p>\n<p>&nbsp;<\/p>\n<p>&nbsp;<\/p>\n<p>&nbsp;<\/p>\n<h2 style=\"text-align: left;\">El cerebro de los ni\u00f1os expuestos a la contaminaci\u00f3n del aire no crece a la misma velocidad<\/h2>\n<p>&nbsp;<\/p>\n<p>&nbsp;<\/p>\n<p class=\"responsive-video-wrap clr\"><iframe title=\"Jordi Sunyer efectos de la contaminaci\u00f3n en los ni\u00f1os\" width=\"1200\" height=\"675\" data-src=\"https:\/\/www.youtube.com\/embed\/JNWic81fWlE?feature=oembed\" frameborder=\"0\" allow=\"accelerometer; autoplay; clipboard-write; encrypted-media; gyroscope; picture-in-picture; web-share\" allowfullscreen src=\"data:image\/svg+xml;base64,PHN2ZyB3aWR0aD0iMSIgaGVpZ2h0PSIxIiB4bWxucz0iaHR0cDovL3d3dy53My5vcmcvMjAwMC9zdmciPjwvc3ZnPg==\" class=\"lazyload\" data-load-mode=\"1\"><\/iframe><\/p>\n<p>&nbsp;<\/p>\n<p>&nbsp;<\/p>\n<p>&nbsp;<\/p>\n<h2><b>10 Estudios de c\u00f3mo afecta tu salud la mala calidad del aire<\/b><\/h2>\n<p>&nbsp;<\/p>\n<ol>\n<li><strong>Riesgo de accidente cerebrovascular<\/strong>: Seg\u00fan el estudio \u201c<a href=\"http:\/\/www.thelancet.com\/journals\/laneur\/article\/PIIS1474-4422(16)30073-4\/abstract\" rel=\"nofollow noopener\" target=\"_blank\">Carga mundial de accidente cerebrovascular y factores de riesgo en 188 pa\u00edses, durante 1990-2013: un an\u00e1lisis sistem\u00e1tico para el Estudio de la carga mundial de la enfermedad 2013<\/a>\u201d publicado en la revista \u201c<a href=\"http:\/\/www.thelancet.com\/\" rel=\"nofollow noopener\" target=\"_blank\">The Lancet<\/a>\u201d lo relaciona directamente con la contaminaci\u00f3n atmosf\u00e9rica, especialmente en pa\u00edses de ingresos bajos y medianos.<\/li>\n<\/ol>\n<p>&nbsp;<\/p>\n<ol start=\"2\">\n<li><strong>Aumento del riesgo de alzheimer y parkinson:<\/strong> El estudio \u201c<a href=\"http:\/\/www.pnas.org\/content\/113\/39\/10797.abstract?sid=af1077e5-20db-4e54-8f34-20c7c603ae3c\" rel=\"nofollow noopener\" target=\"_blank\">Nanopart\u00edculas de contaminaci\u00f3n de magnetita en el cerebro humano<\/a>\u201d realizado en realizada en la <a href=\"http:\/\/www.lancaster.ac.uk\/\" rel=\"nofollow noopener\" target=\"_blank\">Universidad Lancaster<\/a> publicado en <a href=\"http:\/\/www.pnas.org\/\" rel=\"nofollow noopener\" target=\"_blank\">The Proceedings of the National Academy of Sciences<\/a>\u00a0evidencia la presencia de nanopart\u00edculas derivado de aire contaminado en el tejido cerebral humano.<\/li>\n<\/ol>\n<p>&nbsp;<\/p>\n<ol start=\"3\">\n<li><strong>Aumenta el riesgo de asma infantil:<\/strong> El estudio \u201c<a href=\"http:\/\/www.sciencedirect.com\/science\/article\/pii\/S0160412016307838\" rel=\"nofollow noopener\" target=\"_blank\">La exposici\u00f3n a la contaminaci\u00f3n atmosf\u00e9rica aumenta el riesgo de asma infantil<\/a>\u201d realizado por el <a href=\"http:\/\/www.isglobal.org\/es\/\" rel=\"nofollow noopener\" target=\"_blank\">Instituto de salud Global Barcelona<\/a> isGloblal y la <a href=\"http:\/\/www.leeds.ac.uk\/\" rel=\"nofollow noopener\" target=\"_blank\">Universidad de Leeds<\/a>, publicado en <a href=\"http:\/\/www.sciencedirect.com\/\" rel=\"nofollow noopener\" target=\"_blank\">Science Direct<\/a> afirma que existe una asociaci\u00f3n entre la exposici\u00f3n a la contaminaci\u00f3n atmosf\u00e9rica y el desarrollo de asma infantil\u201d. En concreto, la revisi\u00f3n incluye la exposici\u00f3n al di\u00f3xido de nitr\u00f3geno (NO2), al carbono negro u holl\u00edn y a las part\u00edculas en suspensi\u00f3n PM2.5 y PM10 emitidas por el tr\u00e1fico durante la infancia y el desarrollo posterior de asma.<\/li>\n<\/ol>\n<p>&nbsp;<\/p>\n<ol start=\"4\">\n<li><strong>Aumenta el riesgo de diabetes<\/strong>: La exposici\u00f3n a la contaminaci\u00f3n del aire en el lugar de residencia eleva el riesgo de desarrollar resistencia a la insulina, seg\u00fan informan en \u00e9ste estudio \u201c<a href=\"https:\/\/www.helmholtz-muenchen.de\/en\/news\/latest-news\/press-information-news\/article\/35848\/index.html\" rel=\"nofollow noopener\" target=\"_blank\">Factores de riesgos de la poluci\u00f3n<\/a>\u201dcient\u00edficos del <a href=\"https:\/\/www.helmholtz-muenchen.de\/en\" rel=\"nofollow noopener\" target=\"_blank\">Centro Helmholtz de M\u00fanich<\/a> en colaboraci\u00f3n con colegas del <a href=\"https:\/\/www.deutschland.de\/es\" rel=\"nofollow noopener\" target=\"_blank\">Centro Alem\u00e1n de Investigaci\u00f3n de la Diabetes<\/a><\/li>\n<\/ol>\n<p>&nbsp;<\/p>\n<ol start=\"5\">\n<li><strong>Disminuci\u00f3n de la fertilidad y aumento del riesgo de aborto<\/strong>: El estudio \u201c<a href=\"http:\/\/www.fertstert.org\/article\/S0015-0282(16)62548-7\/fulltext\" rel=\"nofollow noopener\" target=\"_blank\">Contaminaci\u00f3n del aire exterior e infertilidad humana: una revisi\u00f3n sistem\u00e1tica<\/a>\u201d, encargado por la Sociedad Americana de Medicina Reproductiva y publicado en la revista <a href=\"http:\/\/www.fertstert.org\/\" rel=\"nofollow noopener\" target=\"_blank\">Fertility and Sterility<\/a> \u00a0demuestra que el impacto de los contaminantes atmosf\u00e9ricos en la poblaci\u00f3n en general y han encontrado tasas de fertilidad reducidas y mayor riesgo de aborto espont\u00e1neo.<\/li>\n<\/ol>\n<p>&nbsp;<\/p>\n<ol start=\"6\">\n<li><strong>Provoca hipertensi\u00f3n en j\u00f3venes sanos<\/strong>: Ya sabemos que empeora la salud de enfermos, pero seg\u00fan el estudio \u201c<a href=\"http:\/\/circres.ahajournals.org\/content\/early\/2016\/10\/19\/CIRCRESAHA.116.309279\" rel=\"nofollow noopener\" target=\"_blank\">Exposure to Fine Particulate Air Pollution Is Associated with Endothelial Injury and Systemic Inflammation<\/a>\u201d de la <a href=\"http:\/\/home.byu.edu\/home\/\" rel=\"nofollow noopener\" target=\"_blank\">Universidad Brigham Young<\/a> publicado en la revista <a href=\"http:\/\/circres.ahajournals.org\/\" rel=\"nofollow noopener\" target=\"_blank\">\u201cCirculation research<\/a>\u201d estamos b\u00e1sicamente todos expuestos al riesgo de sufrir hipertensi\u00f3n arterial, independientemente de nuestra edad y \u201cbuena salud\u201d.<\/li>\n<\/ol>\n<p>&nbsp;<\/p>\n<ol start=\"7\">\n<li><strong>Problemas psiqui\u00e1tricos en adolescentes<\/strong>: En suecia, el estudio \u201c<a href=\"http:\/\/bmjopen.bmj.com\/content\/6\/6\/e010004.full?sid=b86125be-0af7-4b68-9d98-9a43ba2dc563\" rel=\"nofollow noopener\" target=\"_blank\">Asociaci\u00f3n entre concentraciones de contaminaci\u00f3n atmosf\u00e9rica en el vecindario y medicaci\u00f3n dispensada para trastornos psiqui\u00e1tricos en una gran cohorte longitudinal de ni\u00f1os y adolescentes suecos<\/a>\u201d publicada en la <a href=\"http:\/\/journals.bmj.com\/\" rel=\"nofollow noopener\" target=\"_blank\">BMJ Journals<\/a> revela que una menor concentraci\u00f3n de contaminaci\u00f3n del aire podr\u00eda reducir los des\u00f3rdenes psiqui\u00e1tricos en ni\u00f1os y adolescentes.<\/li>\n<\/ol>\n<p>&nbsp;<\/p>\n<ol start=\"8\">\n<li><strong>Diferencias cognitivas en ni\u00f1os<\/strong>: El estudio \u201c<a href=\"https:\/\/ehp.niehs.nih.gov\/ehp209\/\" rel=\"nofollow noopener\" target=\"_blank\">Desaceleraci\u00f3n del desarrollo neurol\u00f3gico por part\u00edculas finas urbanas de diferentes fuentes de emisi\u00f3n: un estudio observacional longitudinal<\/a>\u201d publicado en<a href=\"https:\/\/ehp.niehs.nih.gov\/\" rel=\"nofollow noopener\" target=\"_blank\"> Environmental Health Perspectives<\/a> realizado en 39 colegios de diferentes barrios de Barcelona con un total de 2.618 ni\u00f1os la relaciona con una importante reducci\u00f3n del crecimiento cognitivo, concluyendo que la reducci\u00f3n de la contaminaci\u00f3n atmosf\u00e9rica del tr\u00e1fico en las escuelas primarias puede tener efectos muy beneficiosos en las capacidades cognitivas.<\/li>\n<\/ol>\n<p>&nbsp;<\/p>\n<ol start=\"9\">\n<li><strong>Muertes prematuras<\/strong>: S\u00f3lo en la Uni\u00f3n Europea <a href=\"about:blank\">mata a casi medio mill\u00f3n de personas<\/a> al a\u00f1o, seg\u00fan la OMS<\/li>\n<\/ol>\n<p>&nbsp;<\/p>\n<h2>La mala Calidad del Aire interior no se queda atr\u00e1s<\/h2>\n<p>&nbsp;<\/p>\n<p>En <strong>interiores el aire es hasta 10 veces peor<\/strong> que en el exterior, con consecuencias para la salud y la calidad de vida como:<\/p>\n<p style=\"padding-left: 30px;\">10.<strong> Disminuci\u00f3n funciones cognitivas por mala calidad del aire interior<\/strong>: El estudio de la <strong>Universidad de Harvard<\/strong> \u201c<a href=\"http:\/\/ehp.niehs.nih.gov\/15-10037\/\" rel=\"nofollow noopener\" target=\"_blank\">Asociaciones de puntuaciones de funciones cognitivas con di\u00f3xido de carbono, ventilaci\u00f3n y exposici\u00f3n a compuestos org\u00e1nicos vol\u00e1tiles en trabajadores de oficina: un estudio de exposici\u00f3n controlada de entornos de oficina verdes y convencionales<\/a>\u201d\u00a0<span style=\"font-weight: 400;\">publicado en \u201c<\/span><a href=\"https:\/\/ehp.niehs.nih.gov\/\" rel=\"nofollow noopener\" target=\"_blank\"><span style=\"font-weight: 400;\">Environmental Health perspectives<\/span><\/a><span style=\"font-weight: 400;\">\u201d relaciona la <strong>mala CAI<\/strong> con con una <strong>importante reducci\u00f3n de la capacidad cognitiva<\/strong> y concluye que en edificios \u201c<\/span><b>Green<\/b><span style=\"font-weight: 400;\">\u201d la puntuaci\u00f3n fue significativamente m\u00e1s alta. <\/span><\/p>\n<p><span style=\"font-weight: 400;\">Este estudio tiene amplias implicaciones porque fue dise\u00f1ado para reflejar las condiciones en las que muchos nos encontramos com\u00fanmente cada d\u00eda en muchos ambientes interiores como nuestros lugares de trabajo y hogares.<\/span><\/p>\n<p>&nbsp;<\/p>\n<p><a href=\"http:\/\/www.pureti.es\/wp-content\/uploads\/2017\/01\/CAI-diferencias-cognitivas.png\"><img decoding=\"async\" class=\"wp-image-2939 aligncenter lazyload\" data-src=\"http:\/\/www.pureti.es\/wp-content\/uploads\/2017\/01\/CAI-diferencias-cognitivas.png\" alt=\"\" width=\"600\" height=\"381\" data-srcset=\"https:\/\/pureti.es\/wp-content\/uploads\/2017\/01\/CAI-diferencias-cognitivas.png 1024w, https:\/\/pureti.es\/wp-content\/uploads\/2017\/01\/CAI-diferencias-cognitivas-150x95.png 150w, https:\/\/pureti.es\/wp-content\/uploads\/2017\/01\/CAI-diferencias-cognitivas-768x488.png 768w\" data-sizes=\"(max-width: 600px) 100vw, 600px\" src=\"data:image\/svg+xml;base64,PHN2ZyB3aWR0aD0iMSIgaGVpZ2h0PSIxIiB4bWxucz0iaHR0cDovL3d3dy53My5vcmcvMjAwMC9zdmciPjwvc3ZnPg==\" style=\"--smush-placeholder-width: 600px; --smush-placeholder-aspect-ratio: 600\/381;\" \/><\/a><\/p>\n<p>&nbsp;<\/p>\n<h2><b>Medidores de calidad del aire: No puedes mejorar lo que no mides<\/b><\/h2>\n<p>&nbsp;<\/p>\n<p>La <strong>calidad del aire en interiores y exteriores se puede medir<\/strong> y llevar un control de la mejora la que puede verse reflejada por ejemplo en m\u00e1s productividad en las empresas.<\/p>\n<p>Hoy se pueden encontrar un gran n\u00famero de medidores cada vez m\u00e1s tecnol\u00f3gicos y m\u00e1s peque\u00f1os, incluso de bolsillo o super inteligentes que toman decisiones para mejorar el aire, como el nuevo <a href=\"https:\/\/pureti.es\/en\/glow-el-nuevo-medidor-de-calidad-de-aire-interior-de-awair\/\">GLOW<\/a> of <strong>AWAIR<\/strong>.<\/p>\n<p>&nbsp;<\/p>\n<h1 style=\"text-align: center;\">\u00bfQuieres saber c\u00f3mo podemos mejorar tu calidad de vida?. <a href=\"https:\/\/pureti.es\/en\/contact\/\">Cont\u00e1ctanos<\/a><\/h1>\n<p>&nbsp;<\/p>\n<p>&nbsp;<\/p>\n<p>&nbsp;<\/p>\n<p>&nbsp;<\/p>\n<figure id=\"attachment_3192\" aria-describedby=\"caption-attachment-3192\" style=\"width: 695px\" class=\"wp-caption aligncenter\"><a href=\"http:\/\/www.pureti.es\/wp-content\/uploads\/2017\/02\/Firma-Generica-PURETi-iSCAPE-Esp.jpg\"><img decoding=\"async\" class=\"wp-image-3192 lazyload\" data-src=\"http:\/\/www.pureti.es\/wp-content\/uploads\/2017\/02\/Firma-Generica-PURETi-iSCAPE-Esp.jpg\" alt=\"Ganadores-proyecto-iSCAPE-de-la-Union-Europea-para-reducir-la-contaminacion\" width=\"695\" height=\"491\" data-srcset=\"https:\/\/pureti.es\/wp-content\/uploads\/2017\/02\/Firma-Generica-PURETi-iSCAPE-Esp.jpg 1123w, https:\/\/pureti.es\/wp-content\/uploads\/2017\/02\/Firma-Generica-PURETi-iSCAPE-Esp-150x106.jpg 150w, https:\/\/pureti.es\/wp-content\/uploads\/2017\/02\/Firma-Generica-PURETi-iSCAPE-Esp-768x543.jpg 768w\" data-sizes=\"(max-width: 695px) 100vw, 695px\" src=\"data:image\/svg+xml;base64,PHN2ZyB3aWR0aD0iMSIgaGVpZ2h0PSIxIiB4bWxucz0iaHR0cDovL3d3dy53My5vcmcvMjAwMC9zdmciPjwvc3ZnPg==\" style=\"--smush-placeholder-width: 695px; --smush-placeholder-aspect-ratio: 695\/491;\" \/><\/a><figcaption id=\"caption-attachment-3192\" class=\"wp-caption-text\">Ganadores del proyecto iSCAPE de la Uni\u00f3n Europea<\/figcaption><\/figure>\n<p>&nbsp;<\/p>","protected":false},"excerpt":{"rendered":"<p>&nbsp; La mala calidad del aire interior y exterior nos est\u00e1 enfermando. As\u00ed lo demuestran una serie de\u00a0estudios que vinculan un gran n\u00famero de enfermedades con contaminaci\u00f3n del aire, interior y exterior, que aunque no la veas, est\u00e1 da\u00f1ando tu salud. PURETi sin qu\u00edmicos, sin gasto de energ\u00eda, a bajo coste y de f\u00e1cil aplicaci\u00f3n [&hellip;]<\/p>\n","protected":false},"author":3,"featured_media":2943,"comment_status":"closed","ping_status":"open","sticky":false,"template":"","format":"standard","meta":{"ocean_post_layout":"","ocean_both_sidebars_style":"","ocean_both_sidebars_content_width":0,"ocean_both_sidebars_sidebars_width":0,"ocean_sidebar":"","ocean_second_sidebar":"","ocean_disable_margins":"enable","ocean_add_body_class":"","ocean_shortcode_before_top_bar":"","ocean_shortcode_after_top_bar":"","ocean_shortcode_before_header":"","ocean_shortcode_after_header":"","ocean_has_shortcode":"","ocean_shortcode_after_title":"","ocean_shortcode_before_footer_widgets":"","ocean_shortcode_after_footer_widgets":"","ocean_shortcode_before_footer_bottom":"","ocean_shortcode_after_footer_bottom":"","ocean_display_top_bar":"default","ocean_display_header":"default","ocean_header_style":"","ocean_center_header_left_menu":"","ocean_custom_header_template":"","ocean_custom_logo":0,"ocean_custom_retina_logo":0,"ocean_custom_logo_max_width":0,"ocean_custom_logo_tablet_max_width":0,"ocean_custom_logo_mobile_max_width":0,"ocean_custom_logo_max_height":0,"ocean_custom_logo_tablet_max_height":0,"ocean_custom_logo_mobile_max_height":0,"ocean_header_custom_menu":"","ocean_menu_typo_font_family":"","ocean_menu_typo_font_subset":"","ocean_menu_typo_font_size":0,"ocean_menu_typo_font_size_tablet":0,"ocean_menu_typo_font_size_mobile":0,"ocean_menu_typo_font_size_unit":"px","ocean_menu_typo_font_weight":"","ocean_menu_typo_font_weight_tablet":"","ocean_menu_typo_font_weight_mobile":"","ocean_menu_typo_transform":"","ocean_menu_typo_transform_tablet":"","ocean_menu_typo_transform_mobile":"","ocean_menu_typo_line_height":0,"ocean_menu_typo_line_height_tablet":0,"ocean_menu_typo_line_height_mobile":0,"ocean_menu_typo_line_height_unit":"","ocean_menu_typo_spacing":0,"ocean_menu_typo_spacing_tablet":0,"ocean_menu_typo_spacing_mobile":0,"ocean_menu_typo_spacing_unit":"","ocean_menu_link_color":"","ocean_menu_link_color_hover":"","ocean_menu_link_color_active":"","ocean_menu_link_background":"","ocean_menu_link_hover_background":"","ocean_menu_link_active_background":"","ocean_menu_social_links_bg":"","ocean_menu_social_hover_links_bg":"","ocean_menu_social_links_color":"","ocean_menu_social_hover_links_color":"","ocean_disable_title":"default","ocean_disable_heading":"default","ocean_post_title":"","ocean_post_subheading":"","ocean_post_title_style":"","ocean_post_title_background_color":"","ocean_post_title_background":0,"ocean_post_title_bg_image_position":"","ocean_post_title_bg_image_attachment":"","ocean_post_title_bg_image_repeat":"","ocean_post_title_bg_image_size":"","ocean_post_title_height":0,"ocean_post_title_bg_overlay":0.5,"ocean_post_title_bg_overlay_color":"","ocean_disable_breadcrumbs":"default","ocean_breadcrumbs_color":"","ocean_breadcrumbs_separator_color":"","ocean_breadcrumbs_links_color":"","ocean_breadcrumbs_links_hover_color":"","ocean_display_footer_widgets":"default","ocean_display_footer_bottom":"default","ocean_custom_footer_template":"","ocean_post_oembed":"","ocean_post_self_hosted_media":"","ocean_post_video_embed":"","ocean_link_format":"","ocean_link_format_target":"self","ocean_quote_format":"","ocean_quote_format_link":"post","ocean_gallery_link_images":"on","ocean_gallery_id":[],"footnotes":""},"categories":[44],"tags":[63,75,55,53,26,20,62],"class_list":["post-3238","post","type-post","status-publish","format-standard","has-post-thumbnail","hentry","category-blog","tag-calidad-de-vida","tag-contaminacion-en-ciudades","tag-contaminacion-y-calidad-de-vida","tag-contaminacion-y-salud","tag-descontaminacion-y-purificacion-del-ambiente-con-minerales","tag-solucion-sostenible","tag-union-europea","entry","has-media"],"_links":{"self":[{"href":"https:\/\/pureti.es\/en\/wp-json\/wp\/v2\/posts\/3238","targetHints":{"allow":["GET"]}}],"collection":[{"href":"https:\/\/pureti.es\/en\/wp-json\/wp\/v2\/posts"}],"about":[{"href":"https:\/\/pureti.es\/en\/wp-json\/wp\/v2\/types\/post"}],"author":[{"embeddable":true,"href":"https:\/\/pureti.es\/en\/wp-json\/wp\/v2\/users\/3"}],"replies":[{"embeddable":true,"href":"https:\/\/pureti.es\/en\/wp-json\/wp\/v2\/comments?post=3238"}],"version-history":[{"count":30,"href":"https:\/\/pureti.es\/en\/wp-json\/wp\/v2\/posts\/3238\/revisions"}],"predecessor-version":[{"id":3288,"href":"https:\/\/pureti.es\/en\/wp-json\/wp\/v2\/posts\/3238\/revisions\/3288"}],"wp:featuredmedia":[{"embeddable":true,"href":"https:\/\/pureti.es\/en\/wp-json\/wp\/v2\/media\/2943"}],"wp:attachment":[{"href":"https:\/\/pureti.es\/en\/wp-json\/wp\/v2\/media?parent=3238"}],"wp:term":[{"taxonomy":"category","embeddable":true,"href":"https:\/\/pureti.es\/en\/wp-json\/wp\/v2\/categories?post=3238"},{"taxonomy":"post_tag","embeddable":true,"href":"https:\/\/pureti.es\/en\/wp-json\/wp\/v2\/tags?post=3238"}],"curies":[{"name":"wp","href":"https:\/\/api.w.org\/{rel}","templated":true}]}}