{"id":3216,"date":"2017-02-23T14:39:49","date_gmt":"2017-02-23T12:39:49","guid":{"rendered":"http:\/\/www.pureti.es\/?p=3216"},"modified":"2024-02-27T19:13:34","modified_gmt":"2024-02-27T18:13:34","slug":"pureti-puede-ganar-la-guerra-contra-la-contaminacion-del-aire","status":"publish","type":"post","link":"https:\/\/pureti.es\/en\/pureti-puede-ganar-la-guerra-contra-la-contaminacion-del-aire\/","title":{"rendered":"PURETi puede ganar la guerra contra la contaminaci\u00f3n del aire"},"content":{"rendered":"<figure id=\"attachment_3225\" aria-describedby=\"caption-attachment-3225\" style=\"width: 431px\" class=\"wp-caption alignleft\"><a href=\"http:\/\/www.pureti.es\/wp-content\/uploads\/2017\/02\/PURETi-soluci\u00f3n-a-la-contaminacion-atmosferica.png\"><img fetchpriority=\"high\" decoding=\"async\" class=\"wp-image-3225\" src=\"http:\/\/www.pureti.es\/wp-content\/uploads\/2017\/02\/PURETi-soluci\u00f3n-a-la-contaminacion-atmosferica.png\" alt=\"\" width=\"431\" height=\"291\" srcset=\"https:\/\/pureti.es\/wp-content\/uploads\/2017\/02\/PURETi-soluci\u00f3n-a-la-contaminacion-atmosferica.png 800w, https:\/\/pureti.es\/wp-content\/uploads\/2017\/02\/PURETi-soluci\u00f3n-a-la-contaminacion-atmosferica-150x101.png 150w, https:\/\/pureti.es\/wp-content\/uploads\/2017\/02\/PURETi-soluci\u00f3n-a-la-contaminacion-atmosferica-768x518.png 768w, https:\/\/pureti.es\/wp-content\/uploads\/2017\/02\/PURETi-soluci\u00f3n-a-la-contaminacion-atmosferica-120x80.png 120w\" sizes=\"(max-width: 431px) 100vw, 431px\" \/><\/a><figcaption id=\"caption-attachment-3225\" class=\"wp-caption-text\">PURETi soluciona la contaminaci\u00f3n atmosf\u00e9rica<\/figcaption><\/figure>\n<p>Seg\u00fan <strong><a href=\"https:\/\/www.theguardian.com\/cities\" rel=\"nofollow noopener\" target=\"_blank\">The Guardian<\/a><\/strong>, la guerra contra la <strong>contaminaci\u00f3n del aire<\/strong> ha comenzado y se llevar\u00e1 a cabo en las ciudades. Con <strong>PURETi<\/strong> la <strong>podemos\u00a0ganar<\/strong>.<\/p>\n<p>\u00abNunca se ve en los certificados de defunci\u00f3n como causa de muerte \u00a0la &#8216;<strong>contaminaci\u00f3n del aire<\/strong>&#8216;\u00bb.<\/p>\n<p>Si as\u00ed fuera, la tox\u00edcidad que supone la <strong>mala calidad del aire<\/strong> para la <strong>salud<\/strong> de miles de millones de personas del mundo impulsar\u00eda una respuesta de emergencia mundial.<\/p>\n<p>Gracias a los nuevos y reveladores datos sobre el impacto del aire venenoso en pr\u00e1cticamente todos los aspectos de la salud y el fundamental creciente enfado de las personas y las comunidades afectadas se le ha dado m\u00e1s visibilidad.<!--more--><\/p>\n<p>No hay duda de que la contaminaci\u00f3n atmosf\u00e9rica es una crisis mundial que causa <strong>6,5 millones de muertes<\/strong> prematuras al a\u00f1o, \u00e9sto es:<\/p>\n<ul>\n<li>El doble del n\u00famero de personas perdidas por el VIH \/ SIDA, la tuberculosis y la malaria juntas.<\/li>\n<li>Tres veces m\u00e1s personas muertas por la contaminaci\u00f3n del aire que por la malnutrici\u00f3n en \u00c1frica.<\/li>\n<li>Cuatro veces el n\u00famero de muertos en las carreteras del mundo.<\/li>\n<\/ul>\n<figure id=\"attachment_3222\" aria-describedby=\"caption-attachment-3222\" style=\"width: 435px\" class=\"wp-caption aligncenter\"><a href=\"http:\/\/www.pureti.es\/wp-content\/uploads\/2017\/02\/Causas-de-muerte.png\"><img decoding=\"async\" class=\"wp-image-3222 lazyload\" data-src=\"http:\/\/www.pureti.es\/wp-content\/uploads\/2017\/02\/Causas-de-muerte.png\" alt=\"muertes-por-contaminaci\u00f3n-atmosferica\" width=\"435\" height=\"424\" data-srcset=\"https:\/\/pureti.es\/wp-content\/uploads\/2017\/02\/Causas-de-muerte.png 555w, https:\/\/pureti.es\/wp-content\/uploads\/2017\/02\/Causas-de-muerte-150x146.png 150w\" data-sizes=\"(max-width: 435px) 100vw, 435px\" src=\"data:image\/svg+xml;base64,PHN2ZyB3aWR0aD0iMSIgaGVpZ2h0PSIxIiB4bWxucz0iaHR0cDovL3d3dy53My5vcmcvMjAwMC9zdmciPjwvc3ZnPg==\" style=\"--smush-placeholder-width: 435px; --smush-placeholder-aspect-ratio: 435\/424;\" \/><\/a><figcaption id=\"caption-attachment-3222\" class=\"wp-caption-text\">Muertes por contaminaci\u00f3n atmosf\u00e9rica<\/figcaption><\/figure>\n<h2>Las naciones desarrolladas tambi\u00e9n enfrentan problemas de contaminaci\u00f3n del aire.<\/h2>\n<p>En <strong>Europa<\/strong>, la desverg\u00fcenza de los fabricantes de autom\u00f3viles y el fracaso de las\u00a0regulaciones tiene a los veh\u00edculos diesel arrojando muchas veces m\u00e1s NO2 del que nunca se imagin\u00f3.<\/p>\n<p>S\u00f3lo en el Reino Unido, los niveles ilegales de NO2 causan m\u00e1s de <strong>60 muertes prematuras al d\u00eda<\/strong>.<\/p>\n<p>El <strong>aire t\u00f3xico<\/strong> es una causa principal de <strong>ataques card\u00edacos, derrames cerebrales y enfermedades pulmonares <\/strong>&#8211; las causas que se ponen en los certificados de defunci\u00f3n.<\/p>\n<h2>Cada vez m\u00e1s impactos en la salud por respirar aire nocivo<\/h2>\n<p>La contaminaci\u00f3n del aire se ha relacionado ahora con el aumento de <strong>enfermedades mentales, diabetes y enfermedad renal<\/strong>, y recientemente se han descubierto nanopart\u00edculas t\u00f3xicas en el cerebro, lo que sugiere un v\u00ednculo a enfermedades cerebrales degenerativas como <strong>Alzheimer<\/strong>. Incluso se cree que se relaciona con el <strong>envejecimiento prematuro<\/strong>\u00a0de los habitantes de ciudades, por la aceleraci\u00f3n de las arrugas y manchas de edad.<\/p>\n<p>Pero quiz\u00e1s\u00a0el impacto m\u00e1s preocupantes es en\u00a0los <strong>ni\u00f1os<\/strong>, cuyo <strong>desarrollo pulmonar est\u00e1 atrofiado<\/strong> y cuya <strong>inteligencia puede reducirse<\/strong>.<\/p>\n<p><a href=\"https:\/\/www.unicef.es\/\" rel=\"nofollow noopener\" target=\"_blank\">Unicef <\/a>descubri\u00f3 recientemente que 300 millones de ni\u00f1os viven en zonas con contaminaci\u00f3n atmosf\u00e9rica extrema &#8211; seis veces m\u00e1s altas que las directrices internacionales &#8211; y que casi el 90% de los ni\u00f1os del mundo viven en lugares donde la contaminaci\u00f3n exterior excede los l\u00edmites de la <a href=\"http:\/\/www.who.int\/es\/\" rel=\"nofollow noopener\" target=\"_blank\">Organizaci\u00f3n Mundial de la Salud<\/a>.<\/p>\n<p><em>Fuente: The Guardian Cities<\/em><\/p>\n<figure id=\"attachment_2943\" aria-describedby=\"caption-attachment-2943\" style=\"width: 380px\" class=\"wp-caption aligncenter\"><a href=\"http:\/\/www.pureti.es\/wp-content\/uploads\/2017\/01\/Contaminaci\u00f3n-salud.png\"><img decoding=\"async\" class=\"wp-image-2943 lazyload\" data-src=\"http:\/\/www.pureti.es\/wp-content\/uploads\/2017\/01\/Contaminaci\u00f3n-salud.png\" alt=\"\" width=\"380\" height=\"380\" data-srcset=\"https:\/\/pureti.es\/wp-content\/uploads\/2017\/01\/Contaminaci\u00f3n-salud.png 800w, https:\/\/pureti.es\/wp-content\/uploads\/2017\/01\/Contaminaci\u00f3n-salud-150x150.png 150w, https:\/\/pureti.es\/wp-content\/uploads\/2017\/01\/Contaminaci\u00f3n-salud-768x768.png 768w\" data-sizes=\"(max-width: 380px) 100vw, 380px\" src=\"data:image\/svg+xml;base64,PHN2ZyB3aWR0aD0iMSIgaGVpZ2h0PSIxIiB4bWxucz0iaHR0cDovL3d3dy53My5vcmcvMjAwMC9zdmciPjwvc3ZnPg==\" style=\"--smush-placeholder-width: 380px; --smush-placeholder-aspect-ratio: 380\/380;\" \/><\/a><figcaption id=\"caption-attachment-2943\" class=\"wp-caption-text\">Enfermedades asociadas a la contaminaci\u00f3n atmosf\u00e9rica<\/figcaption><\/figure>\n<h2><\/h2>\n<h2><\/h2>\n<h2>Medidores de calidad del aire<\/h2>\n<p>Los ciudadanos tienen cada vez m\u00e1s acceso a aparatos inteligentes de medici\u00f3n de la calidad del aire exterior, como <a href=\"https:\/\/plumelabs.com\/en\/\" rel=\"nofollow noopener\" target=\"_blank\">Plume Air Report<\/a> o los medidores de <a href=\"https:\/\/smartcitizen.me\/about\" rel=\"nofollow noopener\" target=\"_blank\">Smartcitizen <\/a>por lo que ser\u00e1n capaces de monitorear el aire que respiran pudiendo buscar lugares con mejor calidad de aire abandonando los sitios que consideren nocivos para su salud.<\/p>\n<p>Pudiendo tambi\u00e9n buscar, comparar y compartir informaci\u00f3n en la plataforma de Smartcitizen, que conecta a las personas para construir indicadores productivos y abiertos, buscando soluciones efectivas al problema de la contaminaci\u00f3n atmosf\u00e9rica.<\/p>\n<figure id=\"attachment_3344\" aria-describedby=\"caption-attachment-3344\" style=\"width: 279px\" class=\"wp-caption alignleft\"><a href=\"http:\/\/www.pureti.es\/wp-content\/uploads\/2017\/02\/Plume-pureti-medidor-calidad-de-aire.png\"><img decoding=\"async\" class=\"wp-image-3344 lazyload\" data-src=\"http:\/\/www.pureti.es\/wp-content\/uploads\/2017\/02\/Plume-pureti-medidor-calidad-de-aire.png\" alt=\"plume-medidor-calidad-de-aire\" width=\"279\" height=\"321\" data-srcset=\"https:\/\/pureti.es\/wp-content\/uploads\/2017\/02\/Plume-pureti-medidor-calidad-de-aire.png 680w, https:\/\/pureti.es\/wp-content\/uploads\/2017\/02\/Plume-pureti-medidor-calidad-de-aire-131x150.png 131w\" data-sizes=\"(max-width: 279px) 100vw, 279px\" src=\"data:image\/svg+xml;base64,PHN2ZyB3aWR0aD0iMSIgaGVpZ2h0PSIxIiB4bWxucz0iaHR0cDovL3d3dy53My5vcmcvMjAwMC9zdmciPjwvc3ZnPg==\" style=\"--smush-placeholder-width: 279px; --smush-placeholder-aspect-ratio: 279\/321;\" \/><\/a><figcaption id=\"caption-attachment-3344\" class=\"wp-caption-text\">Plume Air<\/figcaption><\/figure>\n<figure id=\"attachment_3345\" aria-describedby=\"caption-attachment-3345\" style=\"width: 395px\" class=\"wp-caption alignleft\"><a href=\"http:\/\/www.pureti.es\/wp-content\/uploads\/2017\/02\/smart-citizen-medidos-calidad-del-aire.png\"><img decoding=\"async\" class=\"wp-image-3345 lazyload\" data-src=\"http:\/\/www.pureti.es\/wp-content\/uploads\/2017\/02\/smart-citizen-medidos-calidad-del-aire.png\" alt=\"medidor-calidad-del-aire-smart-citizen\" width=\"395\" height=\"318\" data-srcset=\"https:\/\/pureti.es\/wp-content\/uploads\/2017\/02\/smart-citizen-medidos-calidad-del-aire.png 829w, https:\/\/pureti.es\/wp-content\/uploads\/2017\/02\/smart-citizen-medidos-calidad-del-aire-150x121.png 150w, https:\/\/pureti.es\/wp-content\/uploads\/2017\/02\/smart-citizen-medidos-calidad-del-aire-768x619.png 768w\" data-sizes=\"(max-width: 395px) 100vw, 395px\" src=\"data:image\/svg+xml;base64,PHN2ZyB3aWR0aD0iMSIgaGVpZ2h0PSIxIiB4bWxucz0iaHR0cDovL3d3dy53My5vcmcvMjAwMC9zdmciPjwvc3ZnPg==\" style=\"--smush-placeholder-width: 395px; --smush-placeholder-aspect-ratio: 395\/318;\" \/><\/a><figcaption id=\"caption-attachment-3345\" class=\"wp-caption-text\">Smart citizen<\/figcaption><\/figure>\n<h2><\/h2>\n<h2><\/h2>\n<h2><\/h2>\n<h2><\/h2>\n<h2><\/h2>\n<h2><\/h2>\n<h2><\/h2>\n<h2><\/h2>\n<h2><\/h2>\n<h2><\/h2>\n<h2><\/h2>\n<h2><\/h2>\n<h2><\/h2>\n<h2><\/h2>\n<h1>Luces de esperanza en medio de la oscuridad<\/h1>\n<p>El proyecto <strong><a href=\"https:\/\/pureti.es\/en\/ganado-concurso-mas-ambicioso-la-u-e-descontaminar-ciudades\/\">iSCAPE<\/a><\/strong>, que hemos ganado, ha recibido fondos del programa de investigaci\u00f3n e innovaci\u00f3n <strong>Horizonte 2020<\/strong> de la Uni\u00f3n Europea.<\/p>\n<p><strong><a href=\"https:\/\/www.iscapeproject.eu\/\" rel=\"nofollow noopener\" target=\"_blank\">iSCAPE <\/a><\/strong>is the most ambitious project of the <strong>European Union<\/strong> para descontaminar ciudades de la UE.<\/p>\n<p>Los objetivos del proyecto son:<\/p>\n<ul>\n<li>Desarrollar nuevas estrategias de control de la poluci\u00f3n,<\/li>\n<li>Evaluar la tecnolog\u00eda existente, implementar soluciones innovadoras, como <strong>PURETi<\/strong>, Evaluar las interrelaciones entre la contaminaci\u00f3n y el cambio clim\u00e1tico<\/li>\n<li>Proponer un marco conceptual sostenible para la movilidad urbana sensibilizando a ciudadanos y responsables pol\u00edticos para la toma de decisiones.<\/li>\n<\/ul>\n<p><span style=\"font-weight: 400;\">A trav\u00e9s de Living labs, se intervendr\u00e1<\/span><span style=\"font-weight: 400;\">\u00a0de manera f\u00edsica en el paisaje urbano mediante la evaluaci\u00f3n de c\u00f3mo los objetos f\u00edsicos pueden alterar la tasa de ventilaci\u00f3n en la ciudad y afectar la contaminaci\u00f3n del aire y el cambio clim\u00e1tico.<\/span><\/p>\n<h2>PURETi reduce los contaminantes mejorando la salud y calidad de vida<\/h2>\n<p><span style=\"font-weight: 400;\"><strong>PURETi<\/strong> es una gama de soluciones de purificaci\u00f3n continuada del \u00a0medio ambiente, <strong>exterior e interior<\/strong>, basadas 100% en minerales (98% agua y 2% MOM) que d<\/span><span style=\"font-weight: 400;\">escompone y elimina la suciedad, los malos olores, las bacterias, <\/span><a href=\"https:\/\/pureti.es\/en\/sabes-que-es-el-moho-negro-que-causa-problemas-de-salud\/\"><span style=\"font-weight: 400;\">el moho<\/span><\/a><span style=\"font-weight: 400;\"> y otros <\/span><a href=\"https:\/\/pureti.es\/en\/10-estudios-de-como-afecta-tu-salud-la-mala-calidad-del-aire\/\"><span style=\"font-weight: 400;\">contaminantes del aire interior y exterior<\/span><\/a><span style=\"font-weight: 400;\"> siempre que est\u00e9 en presencia de la luz (natural o artificial), sin gasto de energ\u00eda y a bajos costes con tecnolog\u00eda <a href=\"https:\/\/pureti.es\/en\/fotocatalisis\/\">fotocatal\u00edtica<\/a>.<\/span><\/p>\n<p><span style=\"font-weight: 400;\">Protegiendo la <strong>salud<\/strong>, promoviendo el bienestar y la seguridad de las personas, mejorando el ambiente y la sostenibilidad de los espacios.<\/span><\/p>\n<p>Convierte muy f\u00e1cilmente cualquier superficie, una unidad de descontaminaci\u00f3n que purifica el aire.<\/p>\n<p>Las mejoras en la calidad del aire se pueden comprobar con los <a href=\"http:\/\/goo.gl\/LuVXeB\" rel=\"nofollow noopener\" target=\"_blank\">medidores de calidad del aire<\/a>, existen una gran gama en el mercado a precios asequibles, f\u00e1ciles de manejar y consultar.<\/p>\n<h2>Co-Branding con PURETi<\/h2>\n<p>Las empresas que colaboren con <strong>PURETi<\/strong> mediante el <a href=\"https:\/\/pureti.es\/en\/co-branding-con-pureti\/\">co-branding<\/a> podr\u00e1n utilizar los logos de la <strong>European Union<\/strong> y del <strong>iSCAPE<\/strong> Project, <strong>a\u00f1adiendo valor<\/strong> a sus productos y servicios a trav\u00e9s de Green marketing, \u00a0sostenibilidad , innovaci\u00f3n, etc.<\/p>\n<h1 style=\"text-align: center;\"><a href=\"https:\/\/pureti.es\/en\/contacto\/\">Contacta si quiere saber m\u00e1s de c\u00f3mo podemos darle valor a su empresa<\/a><\/h1>\n<figure id=\"attachment_3192\" aria-describedby=\"caption-attachment-3192\" style=\"width: 692px\" class=\"wp-caption aligncenter\"><a href=\"http:\/\/www.pureti.es\/wp-content\/uploads\/2017\/02\/Firma-Generica-PURETi-iSCAPE-Esp.jpg\"><img decoding=\"async\" class=\"wp-image-3192 lazyload\" data-src=\"http:\/\/www.pureti.es\/wp-content\/uploads\/2017\/02\/Firma-Generica-PURETi-iSCAPE-Esp.jpg\" alt=\"Ganadores-proyecto-iSCAPE-de-la-Union-Europea-para-reducir-la-contaminacion\" width=\"692\" height=\"489\" data-srcset=\"https:\/\/pureti.es\/wp-content\/uploads\/2017\/02\/Firma-Generica-PURETi-iSCAPE-Esp.jpg 1123w, https:\/\/pureti.es\/wp-content\/uploads\/2017\/02\/Firma-Generica-PURETi-iSCAPE-Esp-150x106.jpg 150w, https:\/\/pureti.es\/wp-content\/uploads\/2017\/02\/Firma-Generica-PURETi-iSCAPE-Esp-768x543.jpg 768w\" data-sizes=\"(max-width: 692px) 100vw, 692px\" src=\"data:image\/svg+xml;base64,PHN2ZyB3aWR0aD0iMSIgaGVpZ2h0PSIxIiB4bWxucz0iaHR0cDovL3d3dy53My5vcmcvMjAwMC9zdmciPjwvc3ZnPg==\" style=\"--smush-placeholder-width: 692px; --smush-placeholder-aspect-ratio: 692\/489;\" \/><\/a><figcaption id=\"caption-attachment-3192\" class=\"wp-caption-text\">Ganadores del proyecto iSCAPE de la Uni\u00f3n Europea<\/figcaption><\/figure>","protected":false},"excerpt":{"rendered":"<p>Seg\u00fan The Guardian, la guerra contra la contaminaci\u00f3n del aire ha comenzado y se llevar\u00e1 a cabo en las ciudades. Con PURETi la podemos\u00a0ganar. \u00abNunca se ve en los certificados de defunci\u00f3n como causa de muerte \u00a0la &#8216;contaminaci\u00f3n del aire&#8216;\u00bb. Si as\u00ed fuera, la tox\u00edcidad que supone la mala calidad del aire para la salud [&hellip;]<\/p>\n","protected":false},"author":3,"featured_media":3225,"comment_status":"closed","ping_status":"open","sticky":false,"template":"","format":"standard","meta":{"ocean_post_layout":"","ocean_both_sidebars_style":"","ocean_both_sidebars_content_width":0,"ocean_both_sidebars_sidebars_width":0,"ocean_sidebar":"","ocean_second_sidebar":"","ocean_disable_margins":"enable","ocean_add_body_class":"","ocean_shortcode_before_top_bar":"","ocean_shortcode_after_top_bar":"","ocean_shortcode_before_header":"","ocean_shortcode_after_header":"","ocean_has_shortcode":"","ocean_shortcode_after_title":"","ocean_shortcode_before_footer_widgets":"","ocean_shortcode_after_footer_widgets":"","ocean_shortcode_before_footer_bottom":"","ocean_shortcode_after_footer_bottom":"","ocean_display_top_bar":"default","ocean_display_header":"default","ocean_header_style":"","ocean_center_header_left_menu":"","ocean_custom_header_template":"","ocean_custom_logo":0,"ocean_custom_retina_logo":0,"ocean_custom_logo_max_width":0,"ocean_custom_logo_tablet_max_width":0,"ocean_custom_logo_mobile_max_width":0,"ocean_custom_logo_max_height":0,"ocean_custom_logo_tablet_max_height":0,"ocean_custom_logo_mobile_max_height":0,"ocean_header_custom_menu":"","ocean_menu_typo_font_family":"","ocean_menu_typo_font_subset":"","ocean_menu_typo_font_size":0,"ocean_menu_typo_font_size_tablet":0,"ocean_menu_typo_font_size_mobile":0,"ocean_menu_typo_font_size_unit":"px","ocean_menu_typo_font_weight":"","ocean_menu_typo_font_weight_tablet":"","ocean_menu_typo_font_weight_mobile":"","ocean_menu_typo_transform":"","ocean_menu_typo_transform_tablet":"","ocean_menu_typo_transform_mobile":"","ocean_menu_typo_line_height":0,"ocean_menu_typo_line_height_tablet":0,"ocean_menu_typo_line_height_mobile":0,"ocean_menu_typo_line_height_unit":"","ocean_menu_typo_spacing":0,"ocean_menu_typo_spacing_tablet":0,"ocean_menu_typo_spacing_mobile":0,"ocean_menu_typo_spacing_unit":"","ocean_menu_link_color":"","ocean_menu_link_color_hover":"","ocean_menu_link_color_active":"","ocean_menu_link_background":"","ocean_menu_link_hover_background":"","ocean_menu_link_active_background":"","ocean_menu_social_links_bg":"","ocean_menu_social_hover_links_bg":"","ocean_menu_social_links_color":"","ocean_menu_social_hover_links_color":"","ocean_disable_title":"default","ocean_disable_heading":"default","ocean_post_title":"","ocean_post_subheading":"","ocean_post_title_style":"","ocean_post_title_background_color":"","ocean_post_title_background":0,"ocean_post_title_bg_image_position":"","ocean_post_title_bg_image_attachment":"","ocean_post_title_bg_image_repeat":"","ocean_post_title_bg_image_size":"","ocean_post_title_height":0,"ocean_post_title_bg_overlay":0.5,"ocean_post_title_bg_overlay_color":"","ocean_disable_breadcrumbs":"default","ocean_breadcrumbs_color":"","ocean_breadcrumbs_separator_color":"","ocean_breadcrumbs_links_color":"","ocean_breadcrumbs_links_hover_color":"","ocean_display_footer_widgets":"default","ocean_display_footer_bottom":"default","ocean_custom_footer_template":"","ocean_post_oembed":"","ocean_post_self_hosted_media":"","ocean_post_video_embed":"","ocean_link_format":"","ocean_link_format_target":"self","ocean_quote_format":"","ocean_quote_format_link":"post","ocean_gallery_link_images":"on","ocean_gallery_id":[],"footnotes":""},"categories":[44],"tags":[29,63,75,55,53,26,65,27,28],"class_list":["post-3216","post","type-post","status-publish","format-standard","has-post-thumbnail","hentry","category-blog","tag-ahorro","tag-calidad-de-vida","tag-contaminacion-en-ciudades","tag-contaminacion-y-calidad-de-vida","tag-contaminacion-y-salud","tag-descontaminacion-y-purificacion-del-ambiente-con-minerales","tag-fotocatalisis","tag-produccion-aire-puro","tag-purificacion-del-medio-ambiente","entry","has-media"],"_links":{"self":[{"href":"https:\/\/pureti.es\/en\/wp-json\/wp\/v2\/posts\/3216","targetHints":{"allow":["GET"]}}],"collection":[{"href":"https:\/\/pureti.es\/en\/wp-json\/wp\/v2\/posts"}],"about":[{"href":"https:\/\/pureti.es\/en\/wp-json\/wp\/v2\/types\/post"}],"author":[{"embeddable":true,"href":"https:\/\/pureti.es\/en\/wp-json\/wp\/v2\/users\/3"}],"replies":[{"embeddable":true,"href":"https:\/\/pureti.es\/en\/wp-json\/wp\/v2\/comments?post=3216"}],"version-history":[{"count":36,"href":"https:\/\/pureti.es\/en\/wp-json\/wp\/v2\/posts\/3216\/revisions"}],"predecessor-version":[{"id":6384,"href":"https:\/\/pureti.es\/en\/wp-json\/wp\/v2\/posts\/3216\/revisions\/6384"}],"wp:featuredmedia":[{"embeddable":true,"href":"https:\/\/pureti.es\/en\/wp-json\/wp\/v2\/media\/3225"}],"wp:attachment":[{"href":"https:\/\/pureti.es\/en\/wp-json\/wp\/v2\/media?parent=3216"}],"wp:term":[{"taxonomy":"category","embeddable":true,"href":"https:\/\/pureti.es\/en\/wp-json\/wp\/v2\/categories?post=3216"},{"taxonomy":"post_tag","embeddable":true,"href":"https:\/\/pureti.es\/en\/wp-json\/wp\/v2\/tags?post=3216"}],"curies":[{"name":"wp","href":"https:\/\/api.w.org\/{rel}","templated":true}]}}