{"id":2853,"date":"2016-12-14T16:57:35","date_gmt":"2016-12-14T14:57:35","guid":{"rendered":"http:\/\/www.pureti.es\/?p=2853"},"modified":"2024-02-16T02:04:27","modified_gmt":"2024-02-16T01:04:27","slug":"la-alta-contaminacion-en-londres-lleva-al-alcalde-sadiq-khan-a-emitir-alertas-de-calidad-del-aire-en-lugares-publicos","status":"publish","type":"post","link":"https:\/\/pureti.es\/en\/la-alta-contaminacion-en-londres-lleva-al-alcalde-sadiq-khan-a-emitir-alertas-de-calidad-del-aire-en-lugares-publicos\/","title":{"rendered":"La alta contaminaci\u00f3n de Londres lleva al alcalde a emitir alertas en lugares p\u00fablicos para que la poblaci\u00f3n tome medidas de precauci\u00f3n"},"content":{"rendered":"<p style=\"text-align: left;\"><a href=\"http:\/\/www.pureti.es\/wp-content\/uploads\/2016\/12\/Contaminacion-Londres.jpg\"><img fetchpriority=\"high\" decoding=\"async\" class=\" wp-image-2854 alignleft\" src=\"http:\/\/www.pureti.es\/wp-content\/uploads\/2016\/12\/Contaminacion-Londres.jpg\" alt=\"Contaminaci\u00f3n-Londres\" width=\"342\" height=\"226\" srcset=\"https:\/\/pureti.es\/wp-content\/uploads\/2016\/12\/Contaminacion-Londres.jpg 640w, https:\/\/pureti.es\/wp-content\/uploads\/2016\/12\/Contaminacion-Londres-150x99.jpg 150w, https:\/\/pureti.es\/wp-content\/uploads\/2016\/12\/Contaminacion-Londres-120x80.jpg 120w\" sizes=\"(max-width: 342px) 100vw, 342px\" \/><\/a><\/p>\n<p style=\"text-align: left;\">Por primera vez el alcalde de Londres <strong>Sadiq Khan<\/strong> ha emitido en lugares p\u00fablicos alertas de <strong>Calidad Del Aire<\/strong> debido a los altos niveles de contaminaci\u00f3n<\/p>\n<p>Las advertencias se han puesto en unas 2.500 paradas de autobuses, 270 estaciones de metro, 140 se\u00f1ales al lado de las carreteras m\u00e1s concurridas con instrucci\u00f3n de parar los motores cuando est\u00e9n estacionados para reducir las emisiones, todo para que a los londinenses tomen medidas de protecci\u00f3n.<\/p>\n<p>Advertencias que ya se est\u00e1n emitiendo en <strong>Barcelona<\/strong> de forma p\u00fablica tambi\u00e9n durante los episodios de alta contaminaci\u00f3n.<!--more--><!--more--><\/p>\n<p>Y tanto en el Twitter del <strong>Ayuntamiento<\/strong> como en el de<strong> Ada Colau<\/strong>, alcaldesa\u00a0de Barcelona advert\u00edan \u00e9ste 13 de diciembre sobre los altos niveles de contaminaci\u00f3n en la ciudad.<\/p>\n<figure id=\"attachment_2869\" aria-describedby=\"caption-attachment-2869\" style=\"width: 326px\" class=\"wp-caption alignleft\"><a href=\"https:\/\/twitter.com\/bcn_ajuntament\/status\/808618673632120832\" rel=\"nofollow noopener\" target=\"_blank\"><img decoding=\"async\" class=\"wp-image-2869 lazyload\" data-src=\"http:\/\/www.pureti.es\/wp-content\/uploads\/2016\/12\/Alerta-contaminaci\u00f3n-Barcelona-PURETi.png\" alt=\"Ayuntamiento de Barcelona advierte de los riesgos\" width=\"326\" height=\"333\" data-srcset=\"https:\/\/pureti.es\/wp-content\/uploads\/2016\/12\/Alerta-contaminaci\u00f3n-Barcelona-PURETi.png 634w, https:\/\/pureti.es\/wp-content\/uploads\/2016\/12\/Alerta-contaminaci\u00f3n-Barcelona-PURETi-147x150.png 147w\" data-sizes=\"(max-width: 326px) 100vw, 326px\" src=\"data:image\/svg+xml;base64,PHN2ZyB3aWR0aD0iMSIgaGVpZ2h0PSIxIiB4bWxucz0iaHR0cDovL3d3dy53My5vcmcvMjAwMC9zdmciPjwvc3ZnPg==\" style=\"--smush-placeholder-width: 326px; --smush-placeholder-aspect-ratio: 326\/333;\" \/><\/a><figcaption id=\"caption-attachment-2869\" class=\"wp-caption-text\">Twitter del Ayuntamiento de Barcelona<\/figcaption><\/figure>\n<figure id=\"attachment_2870\" aria-describedby=\"caption-attachment-2870\" style=\"width: 439px\" class=\"wp-caption alignleft\"><a href=\"https:\/\/twitter.com\/AdaColau\/status\/808650273916862464\" rel=\"nofollow noopener\" target=\"_blank\"><img decoding=\"async\" class=\"wp-image-2870 lazyload\" data-src=\"http:\/\/www.pureti.es\/wp-content\/uploads\/2016\/12\/Alcaldesa-Barcelona-contaminaci\u00f3n-PURETi-1.png\" alt=\"Ada Colau, alcaldesa de Barcelona pidiendo conciencia con el tema\" width=\"439\" height=\"324\" data-srcset=\"https:\/\/pureti.es\/wp-content\/uploads\/2016\/12\/Alcaldesa-Barcelona-contaminaci\u00f3n-PURETi-1.png 627w, https:\/\/pureti.es\/wp-content\/uploads\/2016\/12\/Alcaldesa-Barcelona-contaminaci\u00f3n-PURETi-1-150x111.png 150w\" data-sizes=\"(max-width: 439px) 100vw, 439px\" src=\"data:image\/svg+xml;base64,PHN2ZyB3aWR0aD0iMSIgaGVpZ2h0PSIxIiB4bWxucz0iaHR0cDovL3d3dy53My5vcmcvMjAwMC9zdmciPjwvc3ZnPg==\" style=\"--smush-placeholder-width: 439px; --smush-placeholder-aspect-ratio: 439\/324;\" \/><\/a><figcaption id=\"caption-attachment-2870\" class=\"wp-caption-text\">Twitter de Ada Colau, alcaldesa de Barcelona<\/figcaption><\/figure>\n<p>En Londres, cuando el alcalde era Boris Johnson las alertas eran m\u00e1s discretas y se emit\u00edan por SMS a quienes se suscribieron al servicio.<\/p>\n<p>Kahn ha agregado que a toda persona que experimente molestias se le aconseja reducir su actividad f\u00edsica sobretodo si es al aire libre. \u201cEspecialmente a los londinenses vulnerables como los asm\u00e1ticos\u201d.<\/p>\n<p>El alcalde ha propuesto una serie de medidas para abordar el problema, incluyendo cargos a los veh\u00edculos m\u00e1s contaminantes en zonas de carga congestionadas.<\/p>\n<p>Seg\u00fan estad\u00edsticas oficiales de la alcald\u00eda, <strong>9.400 personas mueren<\/strong> por la\u00a0contaminaci\u00f3n del aire en Londres cada a\u00f1o.<\/p>\n<p>En <strong>Espa\u00f1a<\/strong> las estad\u00edsticas no son m\u00e1s favorables, con m\u00e1s de <strong>27.000 muertes<\/strong> prematuras al a\u00f1o gracias a la contaminaci\u00f3n del casi <strong>medio mill\u00f3n<\/strong> producidas <strong>en toda Europa<\/strong>.<\/p>\n<p>El Dr. David Green, del <strong>King&#8217;s College de Londres<\/strong> ha dicho que: \u00ab<em>Informar a la gente sobre el problema es muy importante, cuanta m\u00e1s informaci\u00f3n, la gente puede tomar m\u00e1s acciones para protegerse y mientras m\u00e1s conocido es el problema, menos probabilidades de que la gente compre en el futuro un coche diesel<\/em>\u00ab.<\/p>\n<p><em><span style=\"font-weight: 400;\">*Fuente BBC de Londres.<\/span><\/em><\/p>\n<h2><b>Conciencia social: medidores de calidad del aire exterior e interior.<\/b><\/h2>\n<p><span style=\"font-weight: 400;\">Cada d\u00eda es m\u00e1s asequible para cualquier persona o empresa contar con un medidor de calidad del aire para controlar los contaminantes que respira.<\/span><\/p>\n<p><span style=\"font-weight: 400;\">Por lo que \u00e9sto tambi\u00e9n les hace m\u00e1s conscientes del riesgo que estamos corriendo y como est\u00e1 empeorando nuestra calidad de vida.<\/span><\/p>\n<p><span style=\"font-weight: 400;\">Ya hay <strong>Apps gratuitas<\/strong> como BreezoMeter, Plume Air o la espa\u00f1ola Caliope que nos indican cu\u00e1l es la calidad del aire en nuestra ciudad, incluso en nuestro barrio.<\/span><\/p>\n<p><span style=\"font-weight: 400;\">Hoy adem\u00e1s los medidores de<strong> calidad de aire interior<\/strong> son aparatos f\u00e1ciles de instalar, utilizar y de visualizar los datos que arrojan a trav\u00e9s de sus paneles de control tanto en ordenadores como en tel\u00e9fonos m\u00f3viles.<\/span><\/p>\n<p><span style=\"font-weight: 400;\">Esto a su vez hace a los \u201ccontaminadores\u201d estar en la mira no s\u00f3lo de ecologistas, sino tambi\u00e9n del ciudadano de a pie, que ve afectada su salud y que est\u00e1 en capacidad de <\/span><strong><a href=\"http:\/\/www.pureti.es\/mide-la-calidad-aire-interior-puede-mejorarla\/\">controlar la calidad del aire para exigir mejorarla<\/a><\/strong><span style=\"font-weight: 400;\">.<\/span><\/p>\n<p><span style=\"font-weight: 400;\">Y juzgar tambi\u00e9n a los que tienen una actitud pasiva frente al problema, prefiriendo espacios donde el aire sea m\u00e1s limpio.<\/span><\/p>\n<p><span style=\"font-weight: 400;\">En poco tiempo lo podr\u00e1 hacer en cualquier recinto con los medidores de bolsillo, pudiendo incluso publicarlo en tiempo real en <\/span><b>redes sociales<\/b><span style=\"font-weight: 400;\"> impactando <strong>negativa o positivamente<\/strong> en la <\/span><b>imagen de una marca<\/b><span style=\"font-weight: 400;\">.<\/span><\/p>\n<figure id=\"attachment_2855\" aria-describedby=\"caption-attachment-2855\" style=\"width: 772px\" class=\"wp-caption aligncenter\"><a href=\"http:\/\/www.pureti.es\/wp-content\/uploads\/2016\/12\/Medidores-calidad-del-aire.png\"><img decoding=\"async\" class=\"wp-image-2855 lazyload\" data-src=\"http:\/\/www.pureti.es\/wp-content\/uploads\/2016\/12\/Medidores-calidad-del-aire.png\" alt=\"medidores-calidad-del-aire\" width=\"772\" height=\"409\" data-srcset=\"https:\/\/pureti.es\/wp-content\/uploads\/2016\/12\/Medidores-calidad-del-aire.png 996w, https:\/\/pureti.es\/wp-content\/uploads\/2016\/12\/Medidores-calidad-del-aire-150x80.png 150w, https:\/\/pureti.es\/wp-content\/uploads\/2016\/12\/Medidores-calidad-del-aire-768x407.png 768w\" data-sizes=\"(max-width: 772px) 100vw, 772px\" src=\"data:image\/svg+xml;base64,PHN2ZyB3aWR0aD0iMSIgaGVpZ2h0PSIxIiB4bWxucz0iaHR0cDovL3d3dy53My5vcmcvMjAwMC9zdmciPjwvc3ZnPg==\" style=\"--smush-placeholder-width: 772px; --smush-placeholder-aspect-ratio: 772\/409;\" \/><\/a><figcaption id=\"caption-attachment-2855\" class=\"wp-caption-text\">Pantallas de la App del medidor de calidad del aire interior Foobot<\/figcaption><\/figure>\n<h2>PURETi limpia el aire interior y exterior<\/h2>\n<p><strong>PURETi<\/strong> purifica el aire con productos 100% naturales, sin intervenci\u00f3n de qu\u00edmicos ni consumo de energ\u00eda y de f\u00e1cil aplicaci\u00f3n tanto en exteriores como interiores.<\/p>\n<p>Hemos ganado el <strong><a href=\"http:\/\/www.pureti.es\/ganado-concurso-mas-ambicioso-la-u-e-descontaminar-ciudades\/\">iSCAPE<\/a><\/strong>, el proyecto m\u00e1s ambicioso de la <strong>Uni\u00f3n Europea<\/strong> para descontaminar ciudades.<\/p>\n<p>El que busca integrar y promover el control de la calidad del aire y las emisiones de carbono en las ciudades europeas en el contexto del cambio clim\u00e1tico a trav\u00e9s del desarrollo de estrategias sostenibles de remediaci\u00f3n de la contaminaci\u00f3n del aire.<\/p>\n<p>Tambi\u00e9n se puede utilizar el poder de la luz mediante <strong>fotocat\u00e1lisis<\/strong> en interiores de casas, edificios de oficinas, colegios, guarder\u00edas, hospitales, gimnasios, etc, donde se pueden encontrar <strong><a href=\"http:\/\/www.pureti.es\/peligrosos-contaminantes-polvo-los-hogares-oficinas-hoteles-locales-comerciales-etc\/\">peligrosos contaminantes<\/a><\/strong>.<\/p>\n<p><strong>PURETi<\/strong> es capaz de eliminar los <strong><a href=\"http:\/\/www.pureti.es\/los-componentes-organicos-volatiles\/\">componentes org\u00e1nicos vol\u00e1tiles<\/a><\/strong> entre otros peligros, mejorando la salud y calidad de vida al disminuir los riesgos adem\u00e1s de <strong><a href=\"http:\/\/www.pureti.es\/aumenta-la-productividad-de-tu-empresa-con-wellness\/#more-2702\">aumentar la productividad<\/a> <\/strong>y reducir el absentismo laboral al tener un aire m\u00e1s limpio .<\/p>\n<h2 style=\"text-align: center;\">\u00bfQuieres saber c\u00f3mo podemos ayudarte a controlar y mejorar la calidad del aire que respiras?<\/h2>\n<h2 style=\"text-align: center;\">[maxbutton id=\u00bb2&#8243; url=\u00bbhttp:\/\/www.pureti.es\/contact\u00bb ]<\/h2>\n<h2 style=\"text-align: center;\"><\/h2>\n<h2 style=\"text-align: center;\"><\/h2>\n","protected":false},"excerpt":{"rendered":"<p>Por primera vez el alcalde de Londres Sadiq Khan ha emitido en lugares p\u00fablicos alertas de Calidad Del Aire debido a los altos niveles de contaminaci\u00f3n Las advertencias se han puesto en unas 2.500 paradas de autobuses, 270 estaciones de metro, 140 se\u00f1ales al lado de las carreteras m\u00e1s concurridas con instrucci\u00f3n de parar los [&hellip;]<\/p>\n","protected":false},"author":3,"featured_media":2854,"comment_status":"closed","ping_status":"open","sticky":false,"template":"","format":"standard","meta":{"ocean_post_layout":"","ocean_both_sidebars_style":"","ocean_both_sidebars_content_width":0,"ocean_both_sidebars_sidebars_width":0,"ocean_sidebar":"","ocean_second_sidebar":"","ocean_disable_margins":"enable","ocean_add_body_class":"","ocean_shortcode_before_top_bar":"","ocean_shortcode_after_top_bar":"","ocean_shortcode_before_header":"","ocean_shortcode_after_header":"","ocean_has_shortcode":"","ocean_shortcode_after_title":"","ocean_shortcode_before_footer_widgets":"","ocean_shortcode_after_footer_widgets":"","ocean_shortcode_before_footer_bottom":"","ocean_shortcode_after_footer_bottom":"","ocean_display_top_bar":"default","ocean_display_header":"default","ocean_header_style":"","ocean_center_header_left_menu":"","ocean_custom_header_template":"","ocean_custom_logo":0,"ocean_custom_retina_logo":0,"ocean_custom_logo_max_width":0,"ocean_custom_logo_tablet_max_width":0,"ocean_custom_logo_mobile_max_width":0,"ocean_custom_logo_max_height":0,"ocean_custom_logo_tablet_max_height":0,"ocean_custom_logo_mobile_max_height":0,"ocean_header_custom_menu":"","ocean_menu_typo_font_family":"","ocean_menu_typo_font_subset":"","ocean_menu_typo_font_size":0,"ocean_menu_typo_font_size_tablet":0,"ocean_menu_typo_font_size_mobile":0,"ocean_menu_typo_font_size_unit":"px","ocean_menu_typo_font_weight":"","ocean_menu_typo_font_weight_tablet":"","ocean_menu_typo_font_weight_mobile":"","ocean_menu_typo_transform":"","ocean_menu_typo_transform_tablet":"","ocean_menu_typo_transform_mobile":"","ocean_menu_typo_line_height":0,"ocean_menu_typo_line_height_tablet":0,"ocean_menu_typo_line_height_mobile":0,"ocean_menu_typo_line_height_unit":"","ocean_menu_typo_spacing":0,"ocean_menu_typo_spacing_tablet":0,"ocean_menu_typo_spacing_mobile":0,"ocean_menu_typo_spacing_unit":"","ocean_menu_link_color":"","ocean_menu_link_color_hover":"","ocean_menu_link_color_active":"","ocean_menu_link_background":"","ocean_menu_link_hover_background":"","ocean_menu_link_active_background":"","ocean_menu_social_links_bg":"","ocean_menu_social_hover_links_bg":"","ocean_menu_social_links_color":"","ocean_menu_social_hover_links_color":"","ocean_disable_title":"default","ocean_disable_heading":"default","ocean_post_title":"","ocean_post_subheading":"","ocean_post_title_style":"","ocean_post_title_background_color":"","ocean_post_title_background":0,"ocean_post_title_bg_image_position":"","ocean_post_title_bg_image_attachment":"","ocean_post_title_bg_image_repeat":"","ocean_post_title_bg_image_size":"","ocean_post_title_height":0,"ocean_post_title_bg_overlay":0.5,"ocean_post_title_bg_overlay_color":"","ocean_disable_breadcrumbs":"default","ocean_breadcrumbs_color":"","ocean_breadcrumbs_separator_color":"","ocean_breadcrumbs_links_color":"","ocean_breadcrumbs_links_hover_color":"","ocean_display_footer_widgets":"default","ocean_display_footer_bottom":"default","ocean_custom_footer_template":"","ocean_post_oembed":"","ocean_post_self_hosted_media":"","ocean_post_video_embed":"","ocean_link_format":"","ocean_link_format_target":"self","ocean_quote_format":"","ocean_quote_format_link":"post","ocean_gallery_link_images":"on","ocean_gallery_id":[],"footnotes":""},"categories":[44],"tags":[63,67,75,65,28,46,52,20,62],"class_list":["post-2853","post","type-post","status-publish","format-standard","has-post-thumbnail","hentry","category-blog","tag-calidad-de-vida","tag-componentes-volatiles-organicos","tag-contaminacion-en-ciudades","tag-fotocatalisis","tag-purificacion-del-medio-ambiente","tag-reducir-la-contaminacion","tag-salud","tag-solucion-sostenible","tag-union-europea","entry","has-media"],"_links":{"self":[{"href":"https:\/\/pureti.es\/en\/wp-json\/wp\/v2\/posts\/2853","targetHints":{"allow":["GET"]}}],"collection":[{"href":"https:\/\/pureti.es\/en\/wp-json\/wp\/v2\/posts"}],"about":[{"href":"https:\/\/pureti.es\/en\/wp-json\/wp\/v2\/types\/post"}],"author":[{"embeddable":true,"href":"https:\/\/pureti.es\/en\/wp-json\/wp\/v2\/users\/3"}],"replies":[{"embeddable":true,"href":"https:\/\/pureti.es\/en\/wp-json\/wp\/v2\/comments?post=2853"}],"version-history":[{"count":18,"href":"https:\/\/pureti.es\/en\/wp-json\/wp\/v2\/posts\/2853\/revisions"}],"predecessor-version":[{"id":5941,"href":"https:\/\/pureti.es\/en\/wp-json\/wp\/v2\/posts\/2853\/revisions\/5941"}],"wp:featuredmedia":[{"embeddable":true,"href":"https:\/\/pureti.es\/en\/wp-json\/wp\/v2\/media\/2854"}],"wp:attachment":[{"href":"https:\/\/pureti.es\/en\/wp-json\/wp\/v2\/media?parent=2853"}],"wp:term":[{"taxonomy":"category","embeddable":true,"href":"https:\/\/pureti.es\/en\/wp-json\/wp\/v2\/categories?post=2853"},{"taxonomy":"post_tag","embeddable":true,"href":"https:\/\/pureti.es\/en\/wp-json\/wp\/v2\/tags?post=2853"}],"curies":[{"name":"wp","href":"https:\/\/api.w.org\/{rel}","templated":true}]}}